{"id":4241,"date":"2025-10-11T11:12:33","date_gmt":"2025-10-11T09:12:33","guid":{"rendered":"https:\/\/www.instytut.rzeszow.pl\/?p=4241"},"modified":"2025-10-18T19:34:19","modified_gmt":"2025-10-18T17:34:19","slug":"akademia-biblijna-2024-2025","status":"publish","type":"post","link":"https:\/\/www.instytut.rzeszow.pl\/?p=4241","title":{"rendered":"Akademia biblijna 2025\/2026"},"content":{"rendered":"<p><strong>1. Terminy i tematy spotka\u0144:<br \/>\n<\/strong><\/p>\n<p><strong>2025<\/strong><br \/>\n4.10.2025 \u2013\u00a0<em><strong>Listy do siedmiu Ko\u015bcio\u0142\u00f3w Apokalipsy Janowej\u00a0<\/strong><\/em>(ks. Adam Kubi\u015b)<br \/>\n18.10.2025 \u2013\u00a0<em>Literatura m\u0105dro\u015bciowa ST:\u00a0<strong>Wprowadzenie<\/strong>\u00a0na podstawie wybranych tekst\u00f3w\u00a0<\/em>(ks. Marcin Zieli\u0144ski)<br \/>\n8.11.2025 \u2013\u00a0<strong><em>Krzy\u017c Jezusa. Historia odkrywana w dziejach sztuki<\/em><\/strong>\u00a0(Eugeniusz Grzywacz SP)<br \/>\n22.11.2025 \u2013\u00a0<em>Prorocy ST:<strong>\u00a0Izajasz<\/strong><\/em>\u00a0(ks. Arnold Zawadzki)<br \/>\n13.12.2025 \u2013\u00a0<em>Prorocy ST:\u00a0<\/em><strong><em>Jeremiasz i Ozeasz<\/em>\u00a0<\/strong>(ks. Arnold Zawadzki)<\/p>\n<p><strong>2026<\/strong><br \/>\n3.01.2026 \u2013\u00a0<em><strong>Bazylika Bo\u017cego Grobu<\/strong>\u00a0<strong>w Jerozolimie<\/strong>.\u00a0<strong>Archeologia, historia i architektura w kontek\u015bcie ostatnich odkry\u0107<\/strong>\u00a0<\/em>(Narcyz Klimas OFM)<br \/>\n17.01.2026 \u2013\u00a0<em>Literatura m\u0105dro\u015bciowa ST:\u00a0<strong>Ksi\u0119ga M\u0105dro\u015bci Salomona<\/strong>\u00a0<\/em>(ks. Marcin Zieli\u0144ski)<br \/>\n31.01.2026 \u2013\u00a0<em><strong>Od cedr\u00f3w liba\u0144skich do kaparu rosn\u0105cego na murze. Wybrane zagadnienia z botaniki biblijnej<\/strong><\/em>\u00a0(Anna Maria Wajda)<br \/>\n28.02.2026 \u2013\u00a0<em><strong>O pracowitej mr\u00f3wce, rycz\u0105cym lwie i \u0142agodnym baranku.\u00a0<\/strong><\/em><strong><em>Zoologiczne t\u0142o Biblii<\/em>\u00a0<\/strong>(Anna Maria Wajda)<br \/>\n14.03.2026 \u2013\u00a0<em><strong>Geografia biblijna I<\/strong>\u00a0<\/em>(Micha\u0142 Wilk)<br \/>\n28.03.2026 \u2013\u00a0<em><strong>Geografia biblijna I<\/strong><\/em><strong><em>I<\/em><\/strong>\u00a0(Micha\u0142 Wilk)<br \/>\n11.04.2026 \u2013\u00a0<em>Literatura m\u0105dro\u015bciowa ST:\u00a0<\/em><strong><em>Kohelet<\/em><\/strong>\u00a0(Marcin Majewski)<br \/>\n25.04.2026 \u2013\u00a0<em><strong>Greka biblijna: Teologia ukryta w s\u0142owach I<\/strong>\u00a0<\/em>(Micha\u0142 Wilk)<br \/>\n9.05.2026 \u2013\u00a0<em><strong>Greka biblijna: Teologia ukryta w s\u0142owach II<\/strong>\u00a0<\/em>(Micha\u0142 Wilk)<br \/>\n6.06.2026 \u2013\u00a0<em>Literatura m\u0105dro\u015bciowa ST:\u00a0<strong>Psalmy\u00a0<\/strong><\/em>(Danuta Piekarz)<\/p>\n<p><strong>2. Informacje o zaj\u0119ciach Akademii Biblijnej<\/strong><\/p>\n<p>Podstawowy plan wyk\u0142adowy obejmuje dwa cykle \u201epodstawowe\u201d roz\u0142o\u017cone na dwa lata oraz roczny \u201ezaawansowany\u201d cykl monograficzny.<\/p>\n<ol class=\"wp-block-list\">\n<li><strong><em>Cykl pierwszy<\/em>\u00a0<\/strong>(tzw. rok pierwszy) to wyk\u0142ady wprowadzaj\u0105ce w og\u00f3lne wiadomo\u015bci o Pi\u015bmie \u015awi\u0119tym (np. natchnienie, kanon, tekst, geografia, archeologia i historia biblijna) oraz w przes\u0142anie ksi\u0105g Starego Testamentu.<\/li>\n<li><strong><em>Cykl drugi\u00a0<\/em><\/strong>(rok drugi) prezentuje w syntetyczny spos\u00f3b zasadnicze przes\u0142anie poszczeg\u00f3lnych ksi\u0105g Nowego Testamentu.<\/li>\n<li><em><strong>Cykl zaawansowany\u00a0<\/strong><\/em>(rok trzeci) sk\u0142ada si\u0119 wy\u0142\u0105cznie z wyk\u0142ad\u00f3w monograficznych, kt\u00f3re koncentruj\u0105 si\u0119 na konkretnych ksi\u0119gach, ich cz\u0119\u015bciach czy perykopach, a tak\u017ce wybranych tematach i problemach biblijnych. Tematy wyk\u0142ad\u00f3w cyklu trzeciego zmieniaj\u0105 si\u0119 ka\u017cdego roku, z tej racji zach\u0119camy do corocznego uczestnictwa w tych zaj\u0119ciach.\u00a0<strong>W istocie mo\u017cna studiowa\u0107 w Akademii Biblijnej przez ca\u0142e \u017cycie!<\/strong>\u00a0Co wa\u017cne\u00a0<strong>mo\u017cna tak\u017ce do\u0142\u0105czy\u0107 do nas w ka\u017cdej chwili roku akademickiego<\/strong>\u00a0wybieraj\u0105c cho\u0107by jeden interesuj\u0105cy nas wyk\u0142ad!<\/li>\n<\/ol>\n<p>Wyk\u0142ady odbywaj\u0105 si\u0119 od pa\u017adziernika do czerwca, w\u00a0<strong>sobot\u0119<\/strong>, mi\u0119dzy godzin\u0105 9:00 a 13:00. Plan zaj\u0119\u0107 ka\u017cdorazowego spotkania sobotniego to cztery wyk\u0142ady trwaj\u0105ce po 45 minut lub dwa wyk\u0142ady trwaj\u0105ce 1,5 godziny. Mi\u0119dzy wyk\u0142adami przewidziane s\u0105 przerwy, w tym jedna czasowo d\u0142u\u017csza przeznaczona na kaw\u0119, ciastko i rozmowy.<\/p>\n<p>Informacje szczeg\u00f3\u0142owe na: <a href=\"https:\/\/akademia-biblijna.pl\/\">https:\/\/akademia-biblijna.pl\/<\/a><\/p>\n<p>Akademia online &#8211; <a href=\"https:\/\/akademia-biblijna.pl\/akademia-on-line\/\">tutaj<\/a><strong><br \/>\n<\/strong><\/p>\n<div class=\"entry-content\">\n<p>&nbsp;<\/p>\n<\/div>\n","protected":false},"excerpt":{"rendered":"<p>1. Terminy i tematy spotka\u0144: 2025 4.10.2025 \u2013\u00a0Listy do siedmiu Ko\u015bcio\u0142\u00f3w Apokalipsy Janowej\u00a0(ks. Adam Kubi\u015b) 18.10.2025 \u2013\u00a0Literatura m\u0105dro\u015bciowa ST:\u00a0Wprowadzenie\u00a0na podstawie wybranych tekst\u00f3w\u00a0(ks. Marcin Zieli\u0144ski) 8.11.2025 \u2013\u00a0Krzy\u017c Jezusa. Historia odkrywana w dziejach sztuki\u00a0(Eugeniusz Grzywacz SP) 22.11.2025 \u2013\u00a0Prorocy ST:\u00a0Izajasz\u00a0(ks. Arnold Zawadzki) 13.12.2025 \u2013\u00a0Prorocy ST:\u00a0Jeremiasz i Ozeasz\u00a0(ks. Arnold Zawadzki) 2026 3.01.2026 \u2013\u00a0Bazylika Bo\u017cego Grobu\u00a0w Jerozolimie.\u00a0Archeologia, historia i architektura [&hellip;]<\/p>\n","protected":false},"author":2,"featured_media":3828,"comment_status":"closed","ping_status":"closed","sticky":false,"template":"","format":"standard","meta":{"site-container-style":"default","site-container-layout":"default","site-sidebar-layout":"default","disable-article-header":"default","disable-site-header":"default","disable-site-footer":"default","disable-content-area-spacing":"default","footnotes":""},"categories":[17],"tags":[],"class_list":["post-4241","post","type-post","status-publish","format-standard","has-post-thumbnail","hentry","category-w-ciagu-roku"],"views":3019,"_links":{"self":[{"href":"https:\/\/www.instytut.rzeszow.pl\/index.php?rest_route=\/wp\/v2\/posts\/4241","targetHints":{"allow":["GET"]}}],"collection":[{"href":"https:\/\/www.instytut.rzeszow.pl\/index.php?rest_route=\/wp\/v2\/posts"}],"about":[{"href":"https:\/\/www.instytut.rzeszow.pl\/index.php?rest_route=\/wp\/v2\/types\/post"}],"author":[{"embeddable":true,"href":"https:\/\/www.instytut.rzeszow.pl\/index.php?rest_route=\/wp\/v2\/users\/2"}],"replies":[{"embeddable":true,"href":"https:\/\/www.instytut.rzeszow.pl\/index.php?rest_route=%2Fwp%2Fv2%2Fcomments&post=4241"}],"version-history":[{"count":7,"href":"https:\/\/www.instytut.rzeszow.pl\/index.php?rest_route=\/wp\/v2\/posts\/4241\/revisions"}],"predecessor-version":[{"id":4375,"href":"https:\/\/www.instytut.rzeszow.pl\/index.php?rest_route=\/wp\/v2\/posts\/4241\/revisions\/4375"}],"wp:featuredmedia":[{"embeddable":true,"href":"https:\/\/www.instytut.rzeszow.pl\/index.php?rest_route=\/wp\/v2\/media\/3828"}],"wp:attachment":[{"href":"https:\/\/www.instytut.rzeszow.pl\/index.php?rest_route=%2Fwp%2Fv2%2Fmedia&parent=4241"}],"wp:term":[{"taxonomy":"category","embeddable":true,"href":"https:\/\/www.instytut.rzeszow.pl\/index.php?rest_route=%2Fwp%2Fv2%2Fcategories&post=4241"},{"taxonomy":"post_tag","embeddable":true,"href":"https:\/\/www.instytut.rzeszow.pl\/index.php?rest_route=%2Fwp%2Fv2%2Ftags&post=4241"}],"curies":[{"name":"wp","href":"https:\/\/api.w.org\/{rel}","templated":true}]}}