{"id":4465,"date":"2026-01-08T11:31:38","date_gmt":"2026-01-08T10:31:38","guid":{"rendered":"https:\/\/www.instytut.rzeszow.pl\/?p=4465"},"modified":"2026-04-14T15:37:08","modified_gmt":"2026-04-14T13:37:08","slug":"teatra-klasyki-polskiej-w-rzeszowie-sluby-panienskie","status":"publish","type":"post","link":"https:\/\/www.instytut.rzeszow.pl\/?p=4465","title":{"rendered":"Teatr Klasyki Polskiej w Rzeszowie &#8211; \u015aluby Panie\u0144skie"},"content":{"rendered":"<p>Zapraszamy na spektakl &#8222;\u015aluby panie\u0144skie&#8221;, kt\u00f3ry zostanie przedstawiony w auli Instytutu Teologiczno-Pastoralnego w Rzeszowie, w dniu <strong>18 kwietnia 2026 roku, o godz. 19.00.<\/strong><\/p>\n<p>\u201e\u015aluby panie\u0144skie\u201d, komedia Aleksandra Fredry o ponadczasowym przes\u0142aniu, napisane zosta\u0142y prawie dwie\u015bcie lat temu, w 1832 roku. Opowiadaj\u0105 o mi\u0142o\u015bci, kt\u00f3ra jest g\u0142\u00f3wnym tematem teatru, \u017ar\u00f3d\u0142em wszystkich dramat\u00f3w, fundamentem ka\u017cdej akcji, kluczowym motywem dzia\u0142ania postaci i sk\u0142ada si\u0119 na wymiar metafizyczny sztuki dramatycznej. Mimo z\u0142o\u017conych \u015blub\u00f3w, bohaterki komedii Fredry nie s\u0105 w stanie oprze\u0107 si\u0119 mi\u0142o\u015bci, kt\u00f3r\u0105 odkrywaj\u0105 jako najpot\u0119\u017cniejszy, \u017cyciodajny \u017cywio\u0142. Klara i Aniela, bu\u0144czuczny Gustaw i sentymentalny Albin, wpl\u0105tani w zabawne intrygi, po wielu zaskakuj\u0105cych zwrotach akcji ostatecznie dokonuj\u0105 szcz\u0119\u015bliwych wybor\u00f3w. Upragniona przez wszystkich mi\u0142o\u015b\u0107 okazuje si\u0119 nie tylko wielka, szczera i wzruszaj\u0105ca, lecz tak\u017ce, co najwa\u017cniejsze, szcz\u0119\u015bliwa i odwzajemniona.<\/p>\n<p>Fredro opowiada swoj\u0105, ciekawie umotywowan\u0105 psychologicznie histori\u0119, wykorzystuj\u0105c elementy \u201estrajku mi\u0142osnego\u201d, figury obecnej ju\u017c w staro\u017cytno\u015bci w \u201eLizystracie\u201d Arystofanesa, a tak\u017ce w polskiej XVII-wiecznej literaturze sowizdrzalskiej \u2013 w \u201eSejmie panie\u0144skim\u201d. \u201e\u015aluby panie\u0144skie\u201d to komedia, kt\u00f3ra dotyka serc, porusza i unosi. Dla romantyk\u00f3w i romantyczek, a tak\u017ce dla tych, co nie wiedz\u0105, \u017ce nimi s\u0105.<\/p>\n<p>Re\u017cyser: Lidia Sadowa<\/p>\n<p>Obsada: Joanna Kwiatkowska- Zdu\u0144, Ksawery Szlenkier, Joanna W\u0119grzynowska, Mateusz Grydlik, Ewa Makomaska, Przemys\u0142aw Wyszy\u0144ski, Marta Dylewska, Arkadiusz Janiczek, Angelika Kurowska, Maciej Wycza\u0144ski, Leszek Zdu\u0144<\/p>\n<p>&nbsp;<\/p>\n<p><a href=\"https:\/\/teatrklasykipolskiej.pl\/repertuar\/sluby-panienskie\">https:\/\/teatrklasykipolskiej.pl\/repertuar\/sluby-panienskie<\/a><\/p>\n<p>&nbsp;<\/p>\n<blockquote class=\"wp-embedded-content\" data-secret=\"ooOhtcWByi\"><p><a href=\"https:\/\/teatrklasykipolskiej.bilety24.pl\/kup-bilety\/\">Kup Bilet<\/a><\/p><\/blockquote>\n<p><iframe loading=\"lazy\" class=\"wp-embedded-content\" sandbox=\"allow-scripts\" security=\"restricted\" style=\"position: absolute; visibility: hidden;\" title=\"&#8222;Kup Bilet&#8221; &#8212; Teatr Klasyki Polskiej w Warszawie\" src=\"https:\/\/teatrklasykipolskiej.bilety24.pl\/kup-bilety\/embed\/#?secret=0d8f9ZWDyL#?secret=ooOhtcWByi\" data-secret=\"ooOhtcWByi\" width=\"500\" height=\"282\" frameborder=\"0\" marginwidth=\"0\" marginheight=\"0\" scrolling=\"no\"><\/iframe><\/p>\n","protected":false},"excerpt":{"rendered":"<p>Zapraszamy na spektakl &#8222;\u015aluby panie\u0144skie&#8221;, kt\u00f3ry zostanie przedstawiony w auli Instytutu Teologiczno-Pastoralnego w Rzeszowie, w dniu 18 kwietnia 2026 roku, o godz. 19.00. \u201e\u015aluby panie\u0144skie\u201d, komedia Aleksandra Fredry o ponadczasowym przes\u0142aniu, napisane zosta\u0142y prawie dwie\u015bcie lat temu, w 1832 roku. Opowiadaj\u0105 o mi\u0142o\u015bci, kt\u00f3ra jest g\u0142\u00f3wnym tematem teatru, \u017ar\u00f3d\u0142em wszystkich dramat\u00f3w, fundamentem ka\u017cdej akcji, kluczowym [&hellip;]<\/p>\n","protected":false},"author":2,"featured_media":4466,"comment_status":"closed","ping_status":"closed","sticky":false,"template":"","format":"standard","meta":{"site-container-style":"default","site-container-layout":"default","site-sidebar-layout":"default","disable-article-header":"default","disable-site-header":"default","disable-site-footer":"default","disable-content-area-spacing":"default","footnotes":""},"categories":[5],"tags":[],"class_list":["post-4465","post","type-post","status-publish","format-standard","has-post-thumbnail","hentry","category-aktualnosci"],"views":669,"_links":{"self":[{"href":"https:\/\/www.instytut.rzeszow.pl\/index.php?rest_route=\/wp\/v2\/posts\/4465","targetHints":{"allow":["GET"]}}],"collection":[{"href":"https:\/\/www.instytut.rzeszow.pl\/index.php?rest_route=\/wp\/v2\/posts"}],"about":[{"href":"https:\/\/www.instytut.rzeszow.pl\/index.php?rest_route=\/wp\/v2\/types\/post"}],"author":[{"embeddable":true,"href":"https:\/\/www.instytut.rzeszow.pl\/index.php?rest_route=\/wp\/v2\/users\/2"}],"replies":[{"embeddable":true,"href":"https:\/\/www.instytut.rzeszow.pl\/index.php?rest_route=%2Fwp%2Fv2%2Fcomments&post=4465"}],"version-history":[{"count":3,"href":"https:\/\/www.instytut.rzeszow.pl\/index.php?rest_route=\/wp\/v2\/posts\/4465\/revisions"}],"predecessor-version":[{"id":4495,"href":"https:\/\/www.instytut.rzeszow.pl\/index.php?rest_route=\/wp\/v2\/posts\/4465\/revisions\/4495"}],"wp:featuredmedia":[{"embeddable":true,"href":"https:\/\/www.instytut.rzeszow.pl\/index.php?rest_route=\/wp\/v2\/media\/4466"}],"wp:attachment":[{"href":"https:\/\/www.instytut.rzeszow.pl\/index.php?rest_route=%2Fwp%2Fv2%2Fmedia&parent=4465"}],"wp:term":[{"taxonomy":"category","embeddable":true,"href":"https:\/\/www.instytut.rzeszow.pl\/index.php?rest_route=%2Fwp%2Fv2%2Fcategories&post=4465"},{"taxonomy":"post_tag","embeddable":true,"href":"https:\/\/www.instytut.rzeszow.pl\/index.php?rest_route=%2Fwp%2Fv2%2Ftags&post=4465"}],"curies":[{"name":"wp","href":"https:\/\/api.w.org\/{rel}","templated":true}]}}